{"id":5443,"date":"2021-08-12T09:45:39","date_gmt":"2021-08-12T07:45:39","guid":{"rendered":"http:\/\/www.cuverville.fr\/?p=5443"},"modified":"2021-08-12T09:45:39","modified_gmt":"2021-08-12T07:45:39","slug":"respectons-notre-voisin-appliquons-les-regles-de-bons-voisinage-et-de-civisme","status":"publish","type":"post","link":"https:\/\/www.cuverville.fr\/index.php\/2021\/08\/12\/respectons-notre-voisin-appliquons-les-regles-de-bons-voisinage-et-de-civisme\/","title":{"rendered":"Respectons notre voisin, appliquons les r\u00e8gles de bons voisinage et de civisme."},"content":{"rendered":"<p style=\"text-align: center;\">Les bruits de voisinage portent atteinte \u00e0 la qualit\u00e9 de vie et \u00e0 la tranquillit\u00e9 de nos administr\u00e9s mais aussi \u00e0 leur sant\u00e9 (trouble du sommeil, anxi\u00e9t\u00e9, stress\u2026). Une part tr\u00e8s importante de ces bruits provient de comportements de particuliers,<\/p>\n<p style=\"text-align: center;\">qui sont en fait des <strong>incivilit\u00e9s\u00a0<\/strong>:<\/p>\n<p style=\"text-align: center;\"><strong>tonte de pelouse, bricolage, musique, aboiements des chiens\u2026<\/strong><\/p>\n<p style=\"text-align: center;\"><strong>Aucun bruit particulier ne doit par sa dur\u00e9e, sa r\u00e9p\u00e9tition ou son intensit\u00e9, porter atteinte \u00e0 la tranquillit\u00e9 du voisinage.<\/strong><\/p>\n<p style=\"text-align: center;\">L\u2019un de ses trois crit\u00e8res (dur\u00e9e, r\u00e9p\u00e9tition, intensit\u00e9) pr\u00e9cis\u00e9s\u00a0dans le\u00a0code de sant\u00e9 publique, suffit \u00e0 constituer un trouble de voisinage, qu\u2019elles qu\u2019en soient les circonstances et quelle que soit l\u2019heure du jour ou de la nuit <strong>(le d\u00e9lit pour tapage diurne existe bel et bien).<\/strong> L\u2019article R.1337-7 pr\u00e9cise que le fait d\u2019\u00eatre \u00e0 l\u2019origine d\u2019un tel d\u00e9lit est passible d\u2019une peine d\u2019amende pr\u00e9vue pour les contraventions de 3\u00e8me classe<strong> (450\u20ac).<\/strong><\/p>\n<p style=\"text-align: center;\"><strong>Concernant le tapage nocturne\u00a0: <\/strong><strong>Le tapage<\/strong> peut \u00eatre qualifi\u00e9 de nocturne lorsqu\u2019il se produit entre le coucher et le lever du soleil, soit<strong> entre<\/strong>\u00a0<strong>21h et 6h. <\/strong><u>L\u2019auteur du tapage peut \u00eatre condamn\u00e9 \u00e0 une amende de 3\u00e8me classe <strong>(450\u20ac ou plus)<\/strong> et au versement de dommages et int\u00e9r\u00eats<\/u>. <strong>Rappelons que l\u2019utilisation d\u2019engins \u00e0 moteur est \u00e9galement r\u00e8glement\u00e9e par arr\u00eat\u00e9 pr\u00e9fectoral\u00a0:<\/strong><br \/>\nTondeuses, scie et banc de scie, taille-haie, motoculteur, perceuse, compresseur (bricolage) \u2026\u00a0 sont autoris\u00e9s\u00a0de\u00a0:<\/p>\n<ul style=\"text-align: center;\">\n<li style=\"text-align: left;\"><strong>de <\/strong><strong>8h30 \u00e0 12h et de 14h30 \u00e0 19h30 en semaine<\/strong>,<\/li>\n<li style=\"text-align: left;\"><strong>de 9h \u00e0 12h et de 15h \u00e0 19h le samedi<\/strong><\/li>\n<li style=\"text-align: left;\"><strong>de 10h \u00e0 12h le dimanche (et jours f\u00e9ri\u00e9s).<\/strong><\/li>\n<\/ul>\n<p style=\"text-align: center;\"><u>L\u2019auteur du tapage peut \u00eatre condamn\u00e9 \u00e0 une amende de 3\u00e8me classe <strong>(450\u20ac ou plus)<\/strong><\/u><\/p>\n","protected":false},"excerpt":{"rendered":"<p>Les bruits de voisinage portent atteinte \u00e0 la qualit\u00e9 de vie et \u00e0 la tranquillit\u00e9 de nos administr\u00e9s mais aussi \u00e0 leur sant\u00e9 (trouble du sommeil, anxi\u00e9t\u00e9, stress\u2026). Une part [&hellip;]<\/p>\n","protected":false},"author":6,"featured_media":5444,"comment_status":"closed","ping_status":"closed","sticky":false,"template":"","format":"standard","meta":{"footnotes":""},"categories":[29],"tags":[],"class_list":["post-5443","post","type-post","status-publish","format-standard","has-post-thumbnail","hentry","category-a-savoir"],"_links":{"self":[{"href":"https:\/\/www.cuverville.fr\/index.php\/wp-json\/wp\/v2\/posts\/5443","targetHints":{"allow":["GET"]}}],"collection":[{"href":"https:\/\/www.cuverville.fr\/index.php\/wp-json\/wp\/v2\/posts"}],"about":[{"href":"https:\/\/www.cuverville.fr\/index.php\/wp-json\/wp\/v2\/types\/post"}],"author":[{"embeddable":true,"href":"https:\/\/www.cuverville.fr\/index.php\/wp-json\/wp\/v2\/users\/6"}],"replies":[{"embeddable":true,"href":"https:\/\/www.cuverville.fr\/index.php\/wp-json\/wp\/v2\/comments?post=5443"}],"version-history":[{"count":3,"href":"https:\/\/www.cuverville.fr\/index.php\/wp-json\/wp\/v2\/posts\/5443\/revisions"}],"predecessor-version":[{"id":5809,"href":"https:\/\/www.cuverville.fr\/index.php\/wp-json\/wp\/v2\/posts\/5443\/revisions\/5809"}],"wp:featuredmedia":[{"embeddable":true,"href":"https:\/\/www.cuverville.fr\/index.php\/wp-json\/wp\/v2\/media\/5444"}],"wp:attachment":[{"href":"https:\/\/www.cuverville.fr\/index.php\/wp-json\/wp\/v2\/media?parent=5443"}],"wp:term":[{"taxonomy":"category","embeddable":true,"href":"https:\/\/www.cuverville.fr\/index.php\/wp-json\/wp\/v2\/categories?post=5443"},{"taxonomy":"post_tag","embeddable":true,"href":"https:\/\/www.cuverville.fr\/index.php\/wp-json\/wp\/v2\/tags?post=5443"}],"curies":[{"name":"wp","href":"https:\/\/api.w.org\/{rel}","templated":true}]}}