{"id":7435,"global_id":"www.cuverville.fr?id=7435","global_id_lineage":["www.cuverville.fr?id=7435"],"author":"7","status":"publish","date":"2023-05-10 11:20:07","date_utc":"2023-05-10 09:20:07","modified":"2023-06-08 08:42:13","modified_utc":"2023-06-08 06:42:13","url":"https:\/\/www.cuverville.fr\/index.php\/event\/mardi-18-juillet-a-11h15-au-monument-aux-morts-commemoration-liberation-de-la-commune-le-18-juillet-1944\/","rest_url":"https:\/\/www.cuverville.fr\/index.php\/wp-json\/tribe\/events\/v1\/events\/7435","title":"Dimanche 16 juillet \u00e0 11h15 au monument aux morts &#8211; comm\u00e9moration Lib\u00e9ration de la Commune le 18 juillet 1944","description":"","excerpt":"","slug":"mardi-18-juillet-a-11h15-au-monument-aux-morts-commemoration-liberation-de-la-commune-le-18-juillet-1944","image":false,"all_day":false,"start_date":"2023-07-16 11:15:00","start_date_details":{"year":"2023","month":"07","day":"16","hour":"11","minutes":"15","seconds":"00"},"end_date":"2023-07-16 12:00:00","end_date_details":{"year":"2023","month":"07","day":"16","hour":"12","minutes":"00","seconds":"00"},"utc_start_date":"2023-07-16 09:15:00","utc_start_date_details":{"year":"2023","month":"07","day":"16","hour":"09","minutes":"15","seconds":"00"},"utc_end_date":"2023-07-16 10:00:00","utc_end_date_details":{"year":"2023","month":"07","day":"16","hour":"10","minutes":"00","seconds":"00"},"timezone":"Europe\/Paris","timezone_abbr":"CEST","cost":"","cost_details":{"currency_symbol":"","currency_code":"","currency_position":"suffix","values":[]},"website":"","show_map":false,"show_map_link":false,"hide_from_listings":false,"sticky":true,"featured":true,"categories":[],"tags":[],"venue":{"id":2300,"author":"7","status":"publish","date":"2019-03-01 10:42:19","date_utc":"2019-03-01 09:42:19","modified":"2019-03-01 10:42:19","modified_utc":"2019-03-01 09:42:19","url":"https:\/\/www.cuverville.fr\/index.php\/lieu\/monument-aux-morts\/","venue":"Monument aux Morts","slug":"monument-aux-morts","json_ld":{"@type":"Place","name":"Monument aux Morts","description":"","url":"","address":{"@type":"PostalAddress"},"telephone":"","sameAs":""},"show_map":true,"show_map_link":true,"global_id":"www.cuverville.fr?id=2300","global_id_lineage":["www.cuverville.fr?id=2300"]},"organizer":[{"id":740,"author":"7","status":"publish","date":"2018-09-10 11:19:04","date_utc":"2018-09-10 09:19:04","modified":"2018-12-03 14:50:53","modified_utc":"2018-12-03 13:50:53","url":"https:\/\/www.cuverville.fr\/index.php\/organisateur\/commune-de-cuverville\/","organizer":"Commune de Cuverville","slug":"commune-de-cuverville","phone":"02 31 72 37 29","website":"www.cuverville.fr","email":"mairie.cuverville.14840@wanadoo.fr","json_ld":{"@type":"Person","name":"Commune de Cuverville","description":"","url":"http:\/\/www.cuverville.fr","telephone":"02 31 72 37 29","email":"m&#97;&#105;ri&#101;.&#99;uv&#101;rvi&#108;&#108;e&#46;&#49;4&#56;&#52;0&#64;wanad&#111;&#111;.fr","sameAs":"http:\/\/www.cuverville.fr"},"global_id":"www.cuverville.fr?id=740","global_id_lineage":["www.cuverville.fr?id=740"]}],"custom_fields":[],"json_ld":{"@context":"http:\/\/schema.org","@type":"Event","name":"Dimanche 16 juillet \u00e0 11h15 au monument aux morts &#8211; comm\u00e9moration Lib\u00e9ration de la Commune le 18 juillet 1944","description":"","url":"https:\/\/www.cuverville.fr\/index.php\/event\/mardi-18-juillet-a-11h15-au-monument-aux-morts-commemoration-liberation-de-la-commune-le-18-juillet-1944\/","eventAttendanceMode":"https:\/\/schema.org\/OfflineEventAttendanceMode","eventStatus":"https:\/\/schema.org\/EventScheduled","startDate":"2023-07-16T11:15:00+02:00","endDate":"2023-07-16T12:00:00+02:00","location":{"@type":"Place","name":"Monument aux Morts","description":"","url":"","address":{"@type":"PostalAddress"},"telephone":"","sameAs":""},"organizer":{"@type":"Person","name":"Commune de Cuverville","description":"","url":"http:\/\/www.cuverville.fr","telephone":"02 31 72 37 29","email":"&#109;ai&#114;&#105;&#101;&#46;cuve&#114;&#118;&#105;&#108;l&#101;.&#49;&#52;&#56;&#52;0&#64;wan&#97;&#100;&#111;&#111;&#46;&#102;&#114;","sameAs":"http:\/\/www.cuverville.fr"},"performer":"Organization"}}