{"id":5406,"global_id":"www.cuverville.fr?id=5406","global_id_lineage":["www.cuverville.fr?id=5406"],"author":"7","status":"publish","date":"2021-07-06 17:07:30","date_utc":"2021-07-06 15:07:30","modified":"2021-07-06 17:07:46","modified_utc":"2021-07-06 15:07:46","url":"https:\/\/www.cuverville.fr\/index.php\/event\/ceremonie-commemorative-en-souvenir-de-la-liberation-de-la-commune-le-18-juillet-1944-2\/","rest_url":"https:\/\/www.cuverville.fr\/index.php\/wp-json\/tribe\/events\/v1\/events\/5406","title":"C\u00e9r\u00e9monie comm\u00e9morative en souvenir de la Lib\u00e9ration de la Commune le 18 juillet 1944","description":"<div class=\"o9v6fnle cxmmr5t8 oygrvhab hcukyx3x c1et5uql ii04i59q\">\n<div dir=\"auto\" style=\"text-align: center;\">Nous vous invitons \u00e0 participer \u00e0 la c\u00e9r\u00e9monie qui aura lieu le dimanche 18 juillet 2021 \u00e0 11h15 au Monument aux Morts.<\/div>\n<\/div>\n<div class=\"o9v6fnle cxmmr5t8 oygrvhab hcukyx3x c1et5uql ii04i59q\">\n<div dir=\"auto\" style=\"text-align: center;\">A l&rsquo;issue de la c\u00e9r\u00e9monie, un vin d&rsquo;honneur sera servi \u00e0 la Maison des Associations.<\/div>\n<\/div>","excerpt":"","slug":"ceremonie-commemorative-en-souvenir-de-la-liberation-de-la-commune-le-18-juillet-1944-2","image":false,"all_day":false,"start_date":"2021-07-18 11:15:00","start_date_details":{"year":"2021","month":"07","day":"18","hour":"11","minutes":"15","seconds":"00"},"end_date":"2021-07-18 12:00:00","end_date_details":{"year":"2021","month":"07","day":"18","hour":"12","minutes":"00","seconds":"00"},"utc_start_date":"2021-07-18 09:15:00","utc_start_date_details":{"year":"2021","month":"07","day":"18","hour":"09","minutes":"15","seconds":"00"},"utc_end_date":"2021-07-18 10:00:00","utc_end_date_details":{"year":"2021","month":"07","day":"18","hour":"10","minutes":"00","seconds":"00"},"timezone":"Europe\/Paris","timezone_abbr":"CEST","cost":"","cost_details":{"currency_symbol":"","currency_code":"","currency_position":"suffix","values":[]},"website":"","show_map":false,"show_map_link":false,"hide_from_listings":false,"sticky":true,"featured":true,"categories":[],"tags":[],"venue":{"id":2300,"author":"7","status":"publish","date":"2019-03-01 10:42:19","date_utc":"2019-03-01 09:42:19","modified":"2019-03-01 10:42:19","modified_utc":"2019-03-01 09:42:19","url":"https:\/\/www.cuverville.fr\/index.php\/lieu\/monument-aux-morts\/","venue":"Monument aux Morts","slug":"monument-aux-morts","json_ld":{"@type":"Place","name":"Monument aux Morts","description":"","url":"","address":{"@type":"PostalAddress"},"telephone":"","sameAs":""},"show_map":true,"show_map_link":true,"global_id":"www.cuverville.fr?id=2300","global_id_lineage":["www.cuverville.fr?id=2300"]},"organizer":[],"custom_fields":[],"json_ld":{"@context":"http:\/\/schema.org","@type":"Event","name":"C\u00e9r\u00e9monie comm\u00e9morative en souvenir de la Lib\u00e9ration de la Commune le 18 juillet 1944","description":"&lt;p&gt;Nous vous invitons \u00e0 participer \u00e0 la c\u00e9r\u00e9monie qui aura lieu le dimanche 18 juillet 2021 \u00e0 11h15 au Monument aux Morts. A l\\'issue de la c\u00e9r\u00e9monie, un vin d\\'honneur [&hellip;]&lt;\/p&gt;\\n","url":"https:\/\/www.cuverville.fr\/index.php\/event\/ceremonie-commemorative-en-souvenir-de-la-liberation-de-la-commune-le-18-juillet-1944-2\/","eventAttendanceMode":"https:\/\/schema.org\/OfflineEventAttendanceMode","eventStatus":"https:\/\/schema.org\/EventScheduled","startDate":"2021-07-18T11:15:00+02:00","endDate":"2021-07-18T12:00:00+02:00","location":{"@type":"Place","name":"Monument aux Morts","description":"","url":"","address":{"@type":"PostalAddress"},"telephone":"","sameAs":""},"performer":"Organization"}}